{"id":1145,"date":"2023-06-05T14:35:04","date_gmt":"2023-06-05T12:35:04","guid":{"rendered":"https:\/\/syandse.ch\/?p=1145"},"modified":"2023-06-05T14:35:06","modified_gmt":"2023-06-05T12:35:06","slug":"syse-se-rejouit-de-vous-accueillir-a-lephj-a-palexpo-geneve-du-6-au-9-juin-2023-2","status":"publish","type":"post","link":"https:\/\/syandse.ch\/fr\/2023\/06\/syse-se-rejouit-de-vous-accueillir-a-lephj-a-palexpo-geneve-du-6-au-9-juin-2023-2\/","title":{"rendered":"Sy&amp;Se se r\u00e9jouit de vous accueillir \u00e0 l\u2019EPHJ \u00e0 Palexpo Gen\u00e8ve du 6 au 9 juin 2023"},"content":{"rendered":"\n<p>Notre \u00e9quipe se fera un plaisir de vous rencontrer au stand M106 de l&rsquo; <a href=\"https:\/\/ephj.ch\/\" target=\"_blank\" rel=\"noreferrer noopener\">EPHJ \u2013 the World of High Precision<\/a> \u2013 \u00e0 Palexpo Gen\u00e8ve du 6 au 9 Juin 2023.<\/p>\n\n\n\n<figure class=\"wp-block-image size-large\"><img decoding=\"async\" width=\"1024\" height=\"256\" src=\"https:\/\/syandse.ch\/wp-content\/uploads\/2023\/05\/EPHJ_Info_stand-1024x256.jpg\" alt=\"\" class=\"wp-image-1119\" srcset=\"https:\/\/syandse.ch\/wp-content\/uploads\/2023\/05\/EPHJ_Info_stand-1024x256.jpg 1024w, https:\/\/syandse.ch\/wp-content\/uploads\/2023\/05\/EPHJ_Info_stand-300x75.jpg 300w, https:\/\/syandse.ch\/wp-content\/uploads\/2023\/05\/EPHJ_Info_stand-768x192.jpg 768w, https:\/\/syandse.ch\/wp-content\/uploads\/2023\/05\/EPHJ_Info_stand.jpg 1216w\" sizes=\"(max-width: 1024px) 100vw, 1024px\" \/><\/figure>\n","protected":false},"excerpt":{"rendered":"<p>Notre \u00e9quipe se fera un plaisir de vous rencontrer au stand M106 de l&rsquo; EPHJ \u2013 the World of High Precision \u2013 \u00e0 Palexpo Gen\u00e8ve du 6 au 9 Juin 2023.<\/p>\n","protected":false},"author":1,"featured_media":358,"comment_status":"closed","ping_status":"closed","sticky":false,"template":"","format":"standard","meta":{"_acf_changed":false,"footnotes":""},"categories":[5],"tags":[],"class_list":["post-1145","post","type-post","status-publish","format-standard","has-post-thumbnail","hentry","category-non-classifiee"],"acf":[],"yoast_head":"<!-- This site is optimized with the Yoast SEO plugin v27.5 - https:\/\/yoast.com\/product\/yoast-seo-wordpress\/ -->\n<title>Sy&amp;Se se r\u00e9jouit de vous accueillir \u00e0 l\u2019EPHJ \u00e0 Palexpo Gen\u00e8ve du 6 au 9 juin 2023 - Sy&amp;Se SA<\/title>\n<meta name=\"robots\" content=\"index, follow, max-snippet:-1, max-image-preview:large, max-video-preview:-1\" \/>\n<link rel=\"canonical\" href=\"https:\/\/syandse.ch\/fr\/2023\/06\/syse-se-rejouit-de-vous-accueillir-a-lephj-a-palexpo-geneve-du-6-au-9-juin-2023-2\/\" \/>\n<meta property=\"og:locale\" content=\"fr_FR\" \/>\n<meta property=\"og:type\" content=\"article\" \/>\n<meta property=\"og:title\" content=\"Sy&amp;Se se r\u00e9jouit de vous accueillir \u00e0 l\u2019EPHJ \u00e0 Palexpo Gen\u00e8ve du 6 au 9 juin 2023 - Sy&amp;Se SA\" \/>\n<meta property=\"og:description\" content=\"Notre \u00e9quipe se fera un plaisir de vous rencontrer au stand M106 de l&rsquo; EPHJ \u2013 the World of High Precision \u2013 \u00e0 Palexpo Gen\u00e8ve du 6 au 9 Juin 2023.\" \/>\n<meta property=\"og:url\" content=\"https:\/\/syandse.ch\/fr\/2023\/06\/syse-se-rejouit-de-vous-accueillir-a-lephj-a-palexpo-geneve-du-6-au-9-juin-2023-2\/\" \/>\n<meta property=\"og:site_name\" content=\"Sy&amp;Se SA\" \/>\n<meta property=\"article:published_time\" content=\"2023-06-05T12:35:04+00:00\" \/>\n<meta property=\"article:modified_time\" content=\"2023-06-05T12:35:06+00:00\" \/>\n<meta property=\"og:image\" content=\"https:\/\/syandse.ch\/wp-content\/uploads\/2021\/08\/ephj_avatar.jpg\" \/>\n\t<meta property=\"og:image:width\" content=\"840\" \/>\n\t<meta property=\"og:image:height\" content=\"600\" \/>\n\t<meta property=\"og:image:type\" content=\"image\/jpeg\" \/>\n<meta name=\"author\" content=\"lemon\" \/>\n<meta name=\"twitter:card\" content=\"summary_large_image\" \/>\n<meta name=\"twitter:label1\" content=\"\u00c9crit par\" \/>\n\t<meta name=\"twitter:data1\" content=\"lemon\" \/>\n\t<meta name=\"twitter:label2\" content=\"Dur\u00e9e de lecture estim\u00e9e\" \/>\n\t<meta name=\"twitter:data2\" content=\"1 minute\" \/>\n<script type=\"application\/ld+json\" class=\"yoast-schema-graph\">{\"@context\":\"https:\\\/\\\/schema.org\",\"@graph\":[{\"@type\":\"Article\",\"@id\":\"https:\\\/\\\/syandse.ch\\\/fr\\\/2023\\\/06\\\/syse-se-rejouit-de-vous-accueillir-a-lephj-a-palexpo-geneve-du-6-au-9-juin-2023-2\\\/#article\",\"isPartOf\":{\"@id\":\"https:\\\/\\\/syandse.ch\\\/fr\\\/2023\\\/06\\\/syse-se-rejouit-de-vous-accueillir-a-lephj-a-palexpo-geneve-du-6-au-9-juin-2023-2\\\/\"},\"author\":{\"name\":\"lemon\",\"@id\":\"https:\\\/\\\/syandse.ch\\\/fr\\\/#\\\/schema\\\/person\\\/4e599aceccb3b62b4c81f8d20606c8ac\"},\"headline\":\"Sy&amp;Se se r\u00e9jouit de vous accueillir \u00e0 l\u2019EPHJ \u00e0 Palexpo Gen\u00e8ve du 6 au 9 juin 2023\",\"datePublished\":\"2023-06-05T12:35:04+00:00\",\"dateModified\":\"2023-06-05T12:35:06+00:00\",\"mainEntityOfPage\":{\"@id\":\"https:\\\/\\\/syandse.ch\\\/fr\\\/2023\\\/06\\\/syse-se-rejouit-de-vous-accueillir-a-lephj-a-palexpo-geneve-du-6-au-9-juin-2023-2\\\/\"},\"wordCount\":43,\"image\":{\"@id\":\"https:\\\/\\\/syandse.ch\\\/fr\\\/2023\\\/06\\\/syse-se-rejouit-de-vous-accueillir-a-lephj-a-palexpo-geneve-du-6-au-9-juin-2023-2\\\/#primaryimage\"},\"thumbnailUrl\":\"https:\\\/\\\/syandse.ch\\\/wp-content\\\/uploads\\\/2021\\\/08\\\/ephj_avatar.jpg\",\"articleSection\":[\"Non classifi\u00e9(e)\"],\"inLanguage\":\"fr-FR\"},{\"@type\":\"WebPage\",\"@id\":\"https:\\\/\\\/syandse.ch\\\/fr\\\/2023\\\/06\\\/syse-se-rejouit-de-vous-accueillir-a-lephj-a-palexpo-geneve-du-6-au-9-juin-2023-2\\\/\",\"url\":\"https:\\\/\\\/syandse.ch\\\/fr\\\/2023\\\/06\\\/syse-se-rejouit-de-vous-accueillir-a-lephj-a-palexpo-geneve-du-6-au-9-juin-2023-2\\\/\",\"name\":\"Sy&amp;Se se r\u00e9jouit de vous accueillir \u00e0 l\u2019EPHJ \u00e0 Palexpo Gen\u00e8ve du 6 au 9 juin 2023 - Sy&amp;Se SA\",\"isPartOf\":{\"@id\":\"https:\\\/\\\/syandse.ch\\\/fr\\\/#website\"},\"primaryImageOfPage\":{\"@id\":\"https:\\\/\\\/syandse.ch\\\/fr\\\/2023\\\/06\\\/syse-se-rejouit-de-vous-accueillir-a-lephj-a-palexpo-geneve-du-6-au-9-juin-2023-2\\\/#primaryimage\"},\"image\":{\"@id\":\"https:\\\/\\\/syandse.ch\\\/fr\\\/2023\\\/06\\\/syse-se-rejouit-de-vous-accueillir-a-lephj-a-palexpo-geneve-du-6-au-9-juin-2023-2\\\/#primaryimage\"},\"thumbnailUrl\":\"https:\\\/\\\/syandse.ch\\\/wp-content\\\/uploads\\\/2021\\\/08\\\/ephj_avatar.jpg\",\"datePublished\":\"2023-06-05T12:35:04+00:00\",\"dateModified\":\"2023-06-05T12:35:06+00:00\",\"author\":{\"@id\":\"https:\\\/\\\/syandse.ch\\\/fr\\\/#\\\/schema\\\/person\\\/4e599aceccb3b62b4c81f8d20606c8ac\"},\"breadcrumb\":{\"@id\":\"https:\\\/\\\/syandse.ch\\\/fr\\\/2023\\\/06\\\/syse-se-rejouit-de-vous-accueillir-a-lephj-a-palexpo-geneve-du-6-au-9-juin-2023-2\\\/#breadcrumb\"},\"inLanguage\":\"fr-FR\",\"potentialAction\":[{\"@type\":\"ReadAction\",\"target\":[\"https:\\\/\\\/syandse.ch\\\/fr\\\/2023\\\/06\\\/syse-se-rejouit-de-vous-accueillir-a-lephj-a-palexpo-geneve-du-6-au-9-juin-2023-2\\\/\"]}]},{\"@type\":\"ImageObject\",\"inLanguage\":\"fr-FR\",\"@id\":\"https:\\\/\\\/syandse.ch\\\/fr\\\/2023\\\/06\\\/syse-se-rejouit-de-vous-accueillir-a-lephj-a-palexpo-geneve-du-6-au-9-juin-2023-2\\\/#primaryimage\",\"url\":\"https:\\\/\\\/syandse.ch\\\/wp-content\\\/uploads\\\/2021\\\/08\\\/ephj_avatar.jpg\",\"contentUrl\":\"https:\\\/\\\/syandse.ch\\\/wp-content\\\/uploads\\\/2021\\\/08\\\/ephj_avatar.jpg\",\"width\":840,\"height\":600},{\"@type\":\"BreadcrumbList\",\"@id\":\"https:\\\/\\\/syandse.ch\\\/fr\\\/2023\\\/06\\\/syse-se-rejouit-de-vous-accueillir-a-lephj-a-palexpo-geneve-du-6-au-9-juin-2023-2\\\/#breadcrumb\",\"itemListElement\":[{\"@type\":\"ListItem\",\"position\":1,\"name\":\"Home\",\"item\":\"https:\\\/\\\/syandse.ch\\\/fr\\\/\"},{\"@type\":\"ListItem\",\"position\":2,\"name\":\"Sy&amp;Se se r\u00e9jouit de vous accueillir \u00e0 l\u2019EPHJ \u00e0 Palexpo Gen\u00e8ve du 6 au 9 juin 2023\"}]},{\"@type\":\"WebSite\",\"@id\":\"https:\\\/\\\/syandse.ch\\\/fr\\\/#website\",\"url\":\"https:\\\/\\\/syandse.ch\\\/fr\\\/\",\"name\":\"Sy&amp;Se SA\",\"description\":\"\",\"potentialAction\":[{\"@type\":\"SearchAction\",\"target\":{\"@type\":\"EntryPoint\",\"urlTemplate\":\"https:\\\/\\\/syandse.ch\\\/fr\\\/?s={search_term_string}\"},\"query-input\":{\"@type\":\"PropertyValueSpecification\",\"valueRequired\":true,\"valueName\":\"search_term_string\"}}],\"inLanguage\":\"fr-FR\"},{\"@type\":\"Person\",\"@id\":\"https:\\\/\\\/syandse.ch\\\/fr\\\/#\\\/schema\\\/person\\\/4e599aceccb3b62b4c81f8d20606c8ac\",\"name\":\"lemon\",\"image\":{\"@type\":\"ImageObject\",\"inLanguage\":\"fr-FR\",\"@id\":\"https:\\\/\\\/secure.gravatar.com\\\/avatar\\\/e09a4d54326336017a9c115998e0367e3bdfa8f2781c6f3cdb9ee3320d9a8a14?s=96&d=mm&r=g\",\"url\":\"https:\\\/\\\/secure.gravatar.com\\\/avatar\\\/e09a4d54326336017a9c115998e0367e3bdfa8f2781c6f3cdb9ee3320d9a8a14?s=96&d=mm&r=g\",\"contentUrl\":\"https:\\\/\\\/secure.gravatar.com\\\/avatar\\\/e09a4d54326336017a9c115998e0367e3bdfa8f2781c6f3cdb9ee3320d9a8a14?s=96&d=mm&r=g\",\"caption\":\"lemon\"},\"url\":\"https:\\\/\\\/syandse.ch\\\/fr\\\/author\\\/lemon\\\/\"}]}<\/script>\n<!-- \/ Yoast SEO plugin. -->","yoast_head_json":{"title":"Sy&amp;Se se r\u00e9jouit de vous accueillir \u00e0 l\u2019EPHJ \u00e0 Palexpo Gen\u00e8ve du 6 au 9 juin 2023 - Sy&amp;Se SA","robots":{"index":"index","follow":"follow","max-snippet":"max-snippet:-1","max-image-preview":"max-image-preview:large","max-video-preview":"max-video-preview:-1"},"canonical":"https:\/\/syandse.ch\/fr\/2023\/06\/syse-se-rejouit-de-vous-accueillir-a-lephj-a-palexpo-geneve-du-6-au-9-juin-2023-2\/","og_locale":"fr_FR","og_type":"article","og_title":"Sy&amp;Se se r\u00e9jouit de vous accueillir \u00e0 l\u2019EPHJ \u00e0 Palexpo Gen\u00e8ve du 6 au 9 juin 2023 - Sy&amp;Se SA","og_description":"Notre \u00e9quipe se fera un plaisir de vous rencontrer au stand M106 de l&rsquo; EPHJ \u2013 the World of High Precision \u2013 \u00e0 Palexpo Gen\u00e8ve du 6 au 9 Juin 2023.","og_url":"https:\/\/syandse.ch\/fr\/2023\/06\/syse-se-rejouit-de-vous-accueillir-a-lephj-a-palexpo-geneve-du-6-au-9-juin-2023-2\/","og_site_name":"Sy&amp;Se SA","article_published_time":"2023-06-05T12:35:04+00:00","article_modified_time":"2023-06-05T12:35:06+00:00","og_image":[{"width":840,"height":600,"url":"https:\/\/syandse.ch\/wp-content\/uploads\/2021\/08\/ephj_avatar.jpg","type":"image\/jpeg"}],"author":"lemon","twitter_card":"summary_large_image","twitter_misc":{"\u00c9crit par":"lemon","Dur\u00e9e de lecture estim\u00e9e":"1 minute"},"schema":{"@context":"https:\/\/schema.org","@graph":[{"@type":"Article","@id":"https:\/\/syandse.ch\/fr\/2023\/06\/syse-se-rejouit-de-vous-accueillir-a-lephj-a-palexpo-geneve-du-6-au-9-juin-2023-2\/#article","isPartOf":{"@id":"https:\/\/syandse.ch\/fr\/2023\/06\/syse-se-rejouit-de-vous-accueillir-a-lephj-a-palexpo-geneve-du-6-au-9-juin-2023-2\/"},"author":{"name":"lemon","@id":"https:\/\/syandse.ch\/fr\/#\/schema\/person\/4e599aceccb3b62b4c81f8d20606c8ac"},"headline":"Sy&amp;Se se r\u00e9jouit de vous accueillir \u00e0 l\u2019EPHJ \u00e0 Palexpo Gen\u00e8ve du 6 au 9 juin 2023","datePublished":"2023-06-05T12:35:04+00:00","dateModified":"2023-06-05T12:35:06+00:00","mainEntityOfPage":{"@id":"https:\/\/syandse.ch\/fr\/2023\/06\/syse-se-rejouit-de-vous-accueillir-a-lephj-a-palexpo-geneve-du-6-au-9-juin-2023-2\/"},"wordCount":43,"image":{"@id":"https:\/\/syandse.ch\/fr\/2023\/06\/syse-se-rejouit-de-vous-accueillir-a-lephj-a-palexpo-geneve-du-6-au-9-juin-2023-2\/#primaryimage"},"thumbnailUrl":"https:\/\/syandse.ch\/wp-content\/uploads\/2021\/08\/ephj_avatar.jpg","articleSection":["Non classifi\u00e9(e)"],"inLanguage":"fr-FR"},{"@type":"WebPage","@id":"https:\/\/syandse.ch\/fr\/2023\/06\/syse-se-rejouit-de-vous-accueillir-a-lephj-a-palexpo-geneve-du-6-au-9-juin-2023-2\/","url":"https:\/\/syandse.ch\/fr\/2023\/06\/syse-se-rejouit-de-vous-accueillir-a-lephj-a-palexpo-geneve-du-6-au-9-juin-2023-2\/","name":"Sy&amp;Se se r\u00e9jouit de vous accueillir \u00e0 l\u2019EPHJ \u00e0 Palexpo Gen\u00e8ve du 6 au 9 juin 2023 - Sy&amp;Se SA","isPartOf":{"@id":"https:\/\/syandse.ch\/fr\/#website"},"primaryImageOfPage":{"@id":"https:\/\/syandse.ch\/fr\/2023\/06\/syse-se-rejouit-de-vous-accueillir-a-lephj-a-palexpo-geneve-du-6-au-9-juin-2023-2\/#primaryimage"},"image":{"@id":"https:\/\/syandse.ch\/fr\/2023\/06\/syse-se-rejouit-de-vous-accueillir-a-lephj-a-palexpo-geneve-du-6-au-9-juin-2023-2\/#primaryimage"},"thumbnailUrl":"https:\/\/syandse.ch\/wp-content\/uploads\/2021\/08\/ephj_avatar.jpg","datePublished":"2023-06-05T12:35:04+00:00","dateModified":"2023-06-05T12:35:06+00:00","author":{"@id":"https:\/\/syandse.ch\/fr\/#\/schema\/person\/4e599aceccb3b62b4c81f8d20606c8ac"},"breadcrumb":{"@id":"https:\/\/syandse.ch\/fr\/2023\/06\/syse-se-rejouit-de-vous-accueillir-a-lephj-a-palexpo-geneve-du-6-au-9-juin-2023-2\/#breadcrumb"},"inLanguage":"fr-FR","potentialAction":[{"@type":"ReadAction","target":["https:\/\/syandse.ch\/fr\/2023\/06\/syse-se-rejouit-de-vous-accueillir-a-lephj-a-palexpo-geneve-du-6-au-9-juin-2023-2\/"]}]},{"@type":"ImageObject","inLanguage":"fr-FR","@id":"https:\/\/syandse.ch\/fr\/2023\/06\/syse-se-rejouit-de-vous-accueillir-a-lephj-a-palexpo-geneve-du-6-au-9-juin-2023-2\/#primaryimage","url":"https:\/\/syandse.ch\/wp-content\/uploads\/2021\/08\/ephj_avatar.jpg","contentUrl":"https:\/\/syandse.ch\/wp-content\/uploads\/2021\/08\/ephj_avatar.jpg","width":840,"height":600},{"@type":"BreadcrumbList","@id":"https:\/\/syandse.ch\/fr\/2023\/06\/syse-se-rejouit-de-vous-accueillir-a-lephj-a-palexpo-geneve-du-6-au-9-juin-2023-2\/#breadcrumb","itemListElement":[{"@type":"ListItem","position":1,"name":"Home","item":"https:\/\/syandse.ch\/fr\/"},{"@type":"ListItem","position":2,"name":"Sy&amp;Se se r\u00e9jouit de vous accueillir \u00e0 l\u2019EPHJ \u00e0 Palexpo Gen\u00e8ve du 6 au 9 juin 2023"}]},{"@type":"WebSite","@id":"https:\/\/syandse.ch\/fr\/#website","url":"https:\/\/syandse.ch\/fr\/","name":"Sy&amp;Se SA","description":"","potentialAction":[{"@type":"SearchAction","target":{"@type":"EntryPoint","urlTemplate":"https:\/\/syandse.ch\/fr\/?s={search_term_string}"},"query-input":{"@type":"PropertyValueSpecification","valueRequired":true,"valueName":"search_term_string"}}],"inLanguage":"fr-FR"},{"@type":"Person","@id":"https:\/\/syandse.ch\/fr\/#\/schema\/person\/4e599aceccb3b62b4c81f8d20606c8ac","name":"lemon","image":{"@type":"ImageObject","inLanguage":"fr-FR","@id":"https:\/\/secure.gravatar.com\/avatar\/e09a4d54326336017a9c115998e0367e3bdfa8f2781c6f3cdb9ee3320d9a8a14?s=96&d=mm&r=g","url":"https:\/\/secure.gravatar.com\/avatar\/e09a4d54326336017a9c115998e0367e3bdfa8f2781c6f3cdb9ee3320d9a8a14?s=96&d=mm&r=g","contentUrl":"https:\/\/secure.gravatar.com\/avatar\/e09a4d54326336017a9c115998e0367e3bdfa8f2781c6f3cdb9ee3320d9a8a14?s=96&d=mm&r=g","caption":"lemon"},"url":"https:\/\/syandse.ch\/fr\/author\/lemon\/"}]}},"_links":{"self":[{"href":"https:\/\/syandse.ch\/fr\/wp-json\/wp\/v2\/posts\/1145","targetHints":{"allow":["GET"]}}],"collection":[{"href":"https:\/\/syandse.ch\/fr\/wp-json\/wp\/v2\/posts"}],"about":[{"href":"https:\/\/syandse.ch\/fr\/wp-json\/wp\/v2\/types\/post"}],"author":[{"embeddable":true,"href":"https:\/\/syandse.ch\/fr\/wp-json\/wp\/v2\/users\/1"}],"replies":[{"embeddable":true,"href":"https:\/\/syandse.ch\/fr\/wp-json\/wp\/v2\/comments?post=1145"}],"version-history":[{"count":1,"href":"https:\/\/syandse.ch\/fr\/wp-json\/wp\/v2\/posts\/1145\/revisions"}],"predecessor-version":[{"id":1146,"href":"https:\/\/syandse.ch\/fr\/wp-json\/wp\/v2\/posts\/1145\/revisions\/1146"}],"wp:featuredmedia":[{"embeddable":true,"href":"https:\/\/syandse.ch\/fr\/wp-json\/wp\/v2\/media\/358"}],"wp:attachment":[{"href":"https:\/\/syandse.ch\/fr\/wp-json\/wp\/v2\/media?parent=1145"}],"wp:term":[{"taxonomy":"category","embeddable":true,"href":"https:\/\/syandse.ch\/fr\/wp-json\/wp\/v2\/categories?post=1145"},{"taxonomy":"post_tag","embeddable":true,"href":"https:\/\/syandse.ch\/fr\/wp-json\/wp\/v2\/tags?post=1145"}],"curies":[{"name":"wp","href":"https:\/\/api.w.org\/{rel}","templated":true}]}}