{"id":1391,"date":"2024-04-24T12:36:00","date_gmt":"2024-04-24T10:36:00","guid":{"rendered":"https:\/\/syandse.ch\/?p=1391"},"modified":"2025-02-26T20:18:37","modified_gmt":"2025-02-26T19:18:37","slug":"syse-qualifiee-pour-le-programme-scaleup-dinnosuisse","status":"publish","type":"post","link":"https:\/\/syandse.ch\/fr\/2024\/04\/syse-qualifiee-pour-le-programme-scaleup-dinnosuisse\/","title":{"rendered":"Sy&amp;Se s\u00e9lectionn\u00e9e pour le programme ScaleUp d\u2019Innosuisse"},"content":{"rendered":"\n<p>Nous sommes fiers d&rsquo;annoncer que&nbsp;<a href=\"https:\/\/www.innosuisse.admin.ch\/en\/scale-up-coaching-for-start-up\"><\/a><a href=\"https:\/\/www.innosuisse.admin.ch\/fr\/scale-up-coaching-pour-start-up\">l\u2019agence f\u00e9d\u00e9rale Innosuisse<\/a>&nbsp;a s\u00e9lectionn\u00e9 Sy&amp;Se SA avec quelques autres entreprises suisses prometteuses pour la deuxi\u00e8me phase de&nbsp;<a href=\"https:\/\/www.innosuisse.admin.ch\/en\/scale-up-coaching-for-start-up\"><\/a><a href=\"https:\/\/www.innosuisse.admin.ch\/fr\/scale-up-coaching-pour-start-up\">son programme \u201cScaleUp\u201c <\/a>&nbsp;! C&rsquo;est une grande reconnaissance de son \u00e9norme potentiel. Sy&amp;Se b\u00e9n\u00e9ficiera du soutien d&rsquo;experts reconnus pour acc\u00e9l\u00e9rer sa croissance.<\/p>\n\n\n\n<figure class=\"wp-block-image size-large is-resized\"><img decoding=\"async\" width=\"1024\" height=\"316\" src=\"https:\/\/syandse.ch\/wp-content\/uploads\/2024\/04\/ScaleUp_F-1024x316.png\" alt=\"Les \u00e9tapes de coaching Innosuisse\" class=\"wp-image-1415\" style=\"width:762px;height:auto\" srcset=\"https:\/\/syandse.ch\/wp-content\/uploads\/2024\/04\/ScaleUp_F-1024x316.png 1024w, https:\/\/syandse.ch\/wp-content\/uploads\/2024\/04\/ScaleUp_F-300x92.png 300w, https:\/\/syandse.ch\/wp-content\/uploads\/2024\/04\/ScaleUp_F-768x237.png 768w, https:\/\/syandse.ch\/wp-content\/uploads\/2024\/04\/ScaleUp_F-1536x474.png 1536w, https:\/\/syandse.ch\/wp-content\/uploads\/2024\/04\/ScaleUp_F-2048x631.png 2048w\" sizes=\"(max-width: 1024px) 100vw, 1024px\" \/><\/figure>\n","protected":false},"excerpt":{"rendered":"<p>Nous sommes fiers d&rsquo;annoncer que&nbsp;l\u2019agence f\u00e9d\u00e9rale Innosuisse&nbsp;a s\u00e9lectionn\u00e9 Sy&amp;Se SA avec quelques autres entreprises suisses prometteuses pour la deuxi\u00e8me phase de&nbsp;son programme \u201cScaleUp\u201c &nbsp;! C&rsquo;est une grande reconnaissance de son \u00e9norme potentiel. Sy&amp;Se b\u00e9n\u00e9ficiera du soutien d&rsquo;experts reconnus pour acc\u00e9l\u00e9rer sa croissance.<\/p>\n","protected":false},"author":3,"featured_media":1415,"comment_status":"closed","ping_status":"closed","sticky":false,"template":"","format":"standard","meta":{"_acf_changed":false,"footnotes":""},"categories":[5],"tags":[],"class_list":["post-1391","post","type-post","status-publish","format-standard","has-post-thumbnail","hentry","category-non-classifiee"],"acf":[],"yoast_head":"<!-- This site is optimized with the Yoast SEO plugin v27.5 - https:\/\/yoast.com\/product\/yoast-seo-wordpress\/ -->\n<title>Sy&amp;Se s\u00e9lectionn\u00e9e pour le programme ScaleUp d\u2019Innosuisse - Sy&amp;Se SA<\/title>\n<meta name=\"robots\" content=\"index, follow, max-snippet:-1, max-image-preview:large, max-video-preview:-1\" \/>\n<link rel=\"canonical\" href=\"https:\/\/syandse.ch\/fr\/2024\/04\/syse-qualifiee-pour-le-programme-scaleup-dinnosuisse\/\" \/>\n<meta property=\"og:locale\" content=\"fr_FR\" \/>\n<meta property=\"og:type\" content=\"article\" \/>\n<meta property=\"og:title\" content=\"Sy&amp;Se s\u00e9lectionn\u00e9e pour le programme ScaleUp d\u2019Innosuisse - Sy&amp;Se SA\" \/>\n<meta property=\"og:description\" content=\"Nous sommes fiers d&rsquo;annoncer que&nbsp;l\u2019agence f\u00e9d\u00e9rale Innosuisse&nbsp;a s\u00e9lectionn\u00e9 Sy&amp;Se SA avec quelques autres entreprises suisses prometteuses pour la deuxi\u00e8me phase de&nbsp;son programme \u201cScaleUp\u201c &nbsp;! C&rsquo;est une grande reconnaissance de son \u00e9norme potentiel. Sy&amp;Se b\u00e9n\u00e9ficiera du soutien d&rsquo;experts reconnus pour acc\u00e9l\u00e9rer sa croissance.\" \/>\n<meta property=\"og:url\" content=\"https:\/\/syandse.ch\/fr\/2024\/04\/syse-qualifiee-pour-le-programme-scaleup-dinnosuisse\/\" \/>\n<meta property=\"og:site_name\" content=\"Sy&amp;Se SA\" \/>\n<meta property=\"article:published_time\" content=\"2024-04-24T10:36:00+00:00\" \/>\n<meta property=\"article:modified_time\" content=\"2025-02-26T19:18:37+00:00\" \/>\n<meta property=\"og:image\" content=\"https:\/\/syandse.ch\/wp-content\/uploads\/2024\/04\/ScaleUp_F.png\" \/>\n\t<meta property=\"og:image:width\" content=\"2426\" \/>\n\t<meta property=\"og:image:height\" content=\"748\" \/>\n\t<meta property=\"og:image:type\" content=\"image\/png\" \/>\n<meta name=\"author\" content=\"Peter Kupferschmied\" \/>\n<meta name=\"twitter:card\" content=\"summary_large_image\" \/>\n<meta name=\"twitter:label1\" content=\"\u00c9crit par\" \/>\n\t<meta name=\"twitter:data1\" content=\"Peter Kupferschmied\" \/>\n\t<meta name=\"twitter:label2\" content=\"Dur\u00e9e de lecture estim\u00e9e\" \/>\n\t<meta name=\"twitter:data2\" content=\"1 minute\" \/>\n<script type=\"application\/ld+json\" class=\"yoast-schema-graph\">{\"@context\":\"https:\\\/\\\/schema.org\",\"@graph\":[{\"@type\":\"Article\",\"@id\":\"https:\\\/\\\/syandse.ch\\\/fr\\\/2024\\\/04\\\/syse-qualifiee-pour-le-programme-scaleup-dinnosuisse\\\/#article\",\"isPartOf\":{\"@id\":\"https:\\\/\\\/syandse.ch\\\/fr\\\/2024\\\/04\\\/syse-qualifiee-pour-le-programme-scaleup-dinnosuisse\\\/\"},\"author\":{\"name\":\"Peter Kupferschmied\",\"@id\":\"https:\\\/\\\/syandse.ch\\\/fr\\\/#\\\/schema\\\/person\\\/bf28324f7e9b5a111c6943a9c60e0f80\"},\"headline\":\"Sy&amp;Se s\u00e9lectionn\u00e9e pour le programme ScaleUp d\u2019Innosuisse\",\"datePublished\":\"2024-04-24T10:36:00+00:00\",\"dateModified\":\"2025-02-26T19:18:37+00:00\",\"mainEntityOfPage\":{\"@id\":\"https:\\\/\\\/syandse.ch\\\/fr\\\/2024\\\/04\\\/syse-qualifiee-pour-le-programme-scaleup-dinnosuisse\\\/\"},\"wordCount\":76,\"image\":{\"@id\":\"https:\\\/\\\/syandse.ch\\\/fr\\\/2024\\\/04\\\/syse-qualifiee-pour-le-programme-scaleup-dinnosuisse\\\/#primaryimage\"},\"thumbnailUrl\":\"https:\\\/\\\/syandse.ch\\\/wp-content\\\/uploads\\\/2024\\\/04\\\/ScaleUp_F.png\",\"articleSection\":[\"Non classifi\u00e9(e)\"],\"inLanguage\":\"fr-FR\"},{\"@type\":\"WebPage\",\"@id\":\"https:\\\/\\\/syandse.ch\\\/fr\\\/2024\\\/04\\\/syse-qualifiee-pour-le-programme-scaleup-dinnosuisse\\\/\",\"url\":\"https:\\\/\\\/syandse.ch\\\/fr\\\/2024\\\/04\\\/syse-qualifiee-pour-le-programme-scaleup-dinnosuisse\\\/\",\"name\":\"Sy&amp;Se s\u00e9lectionn\u00e9e pour le programme ScaleUp d\u2019Innosuisse - Sy&amp;Se SA\",\"isPartOf\":{\"@id\":\"https:\\\/\\\/syandse.ch\\\/fr\\\/#website\"},\"primaryImageOfPage\":{\"@id\":\"https:\\\/\\\/syandse.ch\\\/fr\\\/2024\\\/04\\\/syse-qualifiee-pour-le-programme-scaleup-dinnosuisse\\\/#primaryimage\"},\"image\":{\"@id\":\"https:\\\/\\\/syandse.ch\\\/fr\\\/2024\\\/04\\\/syse-qualifiee-pour-le-programme-scaleup-dinnosuisse\\\/#primaryimage\"},\"thumbnailUrl\":\"https:\\\/\\\/syandse.ch\\\/wp-content\\\/uploads\\\/2024\\\/04\\\/ScaleUp_F.png\",\"datePublished\":\"2024-04-24T10:36:00+00:00\",\"dateModified\":\"2025-02-26T19:18:37+00:00\",\"author\":{\"@id\":\"https:\\\/\\\/syandse.ch\\\/fr\\\/#\\\/schema\\\/person\\\/bf28324f7e9b5a111c6943a9c60e0f80\"},\"breadcrumb\":{\"@id\":\"https:\\\/\\\/syandse.ch\\\/fr\\\/2024\\\/04\\\/syse-qualifiee-pour-le-programme-scaleup-dinnosuisse\\\/#breadcrumb\"},\"inLanguage\":\"fr-FR\",\"potentialAction\":[{\"@type\":\"ReadAction\",\"target\":[\"https:\\\/\\\/syandse.ch\\\/fr\\\/2024\\\/04\\\/syse-qualifiee-pour-le-programme-scaleup-dinnosuisse\\\/\"]}]},{\"@type\":\"ImageObject\",\"inLanguage\":\"fr-FR\",\"@id\":\"https:\\\/\\\/syandse.ch\\\/fr\\\/2024\\\/04\\\/syse-qualifiee-pour-le-programme-scaleup-dinnosuisse\\\/#primaryimage\",\"url\":\"https:\\\/\\\/syandse.ch\\\/wp-content\\\/uploads\\\/2024\\\/04\\\/ScaleUp_F.png\",\"contentUrl\":\"https:\\\/\\\/syandse.ch\\\/wp-content\\\/uploads\\\/2024\\\/04\\\/ScaleUp_F.png\",\"width\":2426,\"height\":748,\"caption\":\"Les \u00e9tapes de coaching Innosuisse\"},{\"@type\":\"BreadcrumbList\",\"@id\":\"https:\\\/\\\/syandse.ch\\\/fr\\\/2024\\\/04\\\/syse-qualifiee-pour-le-programme-scaleup-dinnosuisse\\\/#breadcrumb\",\"itemListElement\":[{\"@type\":\"ListItem\",\"position\":1,\"name\":\"Home\",\"item\":\"https:\\\/\\\/syandse.ch\\\/fr\\\/\"},{\"@type\":\"ListItem\",\"position\":2,\"name\":\"Sy&amp;Se s\u00e9lectionn\u00e9e pour le programme ScaleUp d\u2019Innosuisse\"}]},{\"@type\":\"WebSite\",\"@id\":\"https:\\\/\\\/syandse.ch\\\/fr\\\/#website\",\"url\":\"https:\\\/\\\/syandse.ch\\\/fr\\\/\",\"name\":\"Sy&amp;Se SA\",\"description\":\"\",\"potentialAction\":[{\"@type\":\"SearchAction\",\"target\":{\"@type\":\"EntryPoint\",\"urlTemplate\":\"https:\\\/\\\/syandse.ch\\\/fr\\\/?s={search_term_string}\"},\"query-input\":{\"@type\":\"PropertyValueSpecification\",\"valueRequired\":true,\"valueName\":\"search_term_string\"}}],\"inLanguage\":\"fr-FR\"},{\"@type\":\"Person\",\"@id\":\"https:\\\/\\\/syandse.ch\\\/fr\\\/#\\\/schema\\\/person\\\/bf28324f7e9b5a111c6943a9c60e0f80\",\"name\":\"Peter Kupferschmied\",\"image\":{\"@type\":\"ImageObject\",\"inLanguage\":\"fr-FR\",\"@id\":\"https:\\\/\\\/secure.gravatar.com\\\/avatar\\\/87b83a582946d4a9160648327bab7aab3507fddabee0e2a3f6a9865d5277d2bc?s=96&d=mm&r=g\",\"url\":\"https:\\\/\\\/secure.gravatar.com\\\/avatar\\\/87b83a582946d4a9160648327bab7aab3507fddabee0e2a3f6a9865d5277d2bc?s=96&d=mm&r=g\",\"contentUrl\":\"https:\\\/\\\/secure.gravatar.com\\\/avatar\\\/87b83a582946d4a9160648327bab7aab3507fddabee0e2a3f6a9865d5277d2bc?s=96&d=mm&r=g\",\"caption\":\"Peter Kupferschmied\"},\"url\":\"https:\\\/\\\/syandse.ch\\\/fr\\\/author\\\/p-kupferschmied\\\/\"}]}<\/script>\n<!-- \/ Yoast SEO plugin. -->","yoast_head_json":{"title":"Sy&amp;Se s\u00e9lectionn\u00e9e pour le programme ScaleUp d\u2019Innosuisse - Sy&amp;Se SA","robots":{"index":"index","follow":"follow","max-snippet":"max-snippet:-1","max-image-preview":"max-image-preview:large","max-video-preview":"max-video-preview:-1"},"canonical":"https:\/\/syandse.ch\/fr\/2024\/04\/syse-qualifiee-pour-le-programme-scaleup-dinnosuisse\/","og_locale":"fr_FR","og_type":"article","og_title":"Sy&amp;Se s\u00e9lectionn\u00e9e pour le programme ScaleUp d\u2019Innosuisse - Sy&amp;Se SA","og_description":"Nous sommes fiers d&rsquo;annoncer que&nbsp;l\u2019agence f\u00e9d\u00e9rale Innosuisse&nbsp;a s\u00e9lectionn\u00e9 Sy&amp;Se SA avec quelques autres entreprises suisses prometteuses pour la deuxi\u00e8me phase de&nbsp;son programme \u201cScaleUp\u201c &nbsp;! C&rsquo;est une grande reconnaissance de son \u00e9norme potentiel. Sy&amp;Se b\u00e9n\u00e9ficiera du soutien d&rsquo;experts reconnus pour acc\u00e9l\u00e9rer sa croissance.","og_url":"https:\/\/syandse.ch\/fr\/2024\/04\/syse-qualifiee-pour-le-programme-scaleup-dinnosuisse\/","og_site_name":"Sy&amp;Se SA","article_published_time":"2024-04-24T10:36:00+00:00","article_modified_time":"2025-02-26T19:18:37+00:00","og_image":[{"width":2426,"height":748,"url":"https:\/\/syandse.ch\/wp-content\/uploads\/2024\/04\/ScaleUp_F.png","type":"image\/png"}],"author":"Peter Kupferschmied","twitter_card":"summary_large_image","twitter_misc":{"\u00c9crit par":"Peter Kupferschmied","Dur\u00e9e de lecture estim\u00e9e":"1 minute"},"schema":{"@context":"https:\/\/schema.org","@graph":[{"@type":"Article","@id":"https:\/\/syandse.ch\/fr\/2024\/04\/syse-qualifiee-pour-le-programme-scaleup-dinnosuisse\/#article","isPartOf":{"@id":"https:\/\/syandse.ch\/fr\/2024\/04\/syse-qualifiee-pour-le-programme-scaleup-dinnosuisse\/"},"author":{"name":"Peter Kupferschmied","@id":"https:\/\/syandse.ch\/fr\/#\/schema\/person\/bf28324f7e9b5a111c6943a9c60e0f80"},"headline":"Sy&amp;Se s\u00e9lectionn\u00e9e pour le programme ScaleUp d\u2019Innosuisse","datePublished":"2024-04-24T10:36:00+00:00","dateModified":"2025-02-26T19:18:37+00:00","mainEntityOfPage":{"@id":"https:\/\/syandse.ch\/fr\/2024\/04\/syse-qualifiee-pour-le-programme-scaleup-dinnosuisse\/"},"wordCount":76,"image":{"@id":"https:\/\/syandse.ch\/fr\/2024\/04\/syse-qualifiee-pour-le-programme-scaleup-dinnosuisse\/#primaryimage"},"thumbnailUrl":"https:\/\/syandse.ch\/wp-content\/uploads\/2024\/04\/ScaleUp_F.png","articleSection":["Non classifi\u00e9(e)"],"inLanguage":"fr-FR"},{"@type":"WebPage","@id":"https:\/\/syandse.ch\/fr\/2024\/04\/syse-qualifiee-pour-le-programme-scaleup-dinnosuisse\/","url":"https:\/\/syandse.ch\/fr\/2024\/04\/syse-qualifiee-pour-le-programme-scaleup-dinnosuisse\/","name":"Sy&amp;Se s\u00e9lectionn\u00e9e pour le programme ScaleUp d\u2019Innosuisse - Sy&amp;Se SA","isPartOf":{"@id":"https:\/\/syandse.ch\/fr\/#website"},"primaryImageOfPage":{"@id":"https:\/\/syandse.ch\/fr\/2024\/04\/syse-qualifiee-pour-le-programme-scaleup-dinnosuisse\/#primaryimage"},"image":{"@id":"https:\/\/syandse.ch\/fr\/2024\/04\/syse-qualifiee-pour-le-programme-scaleup-dinnosuisse\/#primaryimage"},"thumbnailUrl":"https:\/\/syandse.ch\/wp-content\/uploads\/2024\/04\/ScaleUp_F.png","datePublished":"2024-04-24T10:36:00+00:00","dateModified":"2025-02-26T19:18:37+00:00","author":{"@id":"https:\/\/syandse.ch\/fr\/#\/schema\/person\/bf28324f7e9b5a111c6943a9c60e0f80"},"breadcrumb":{"@id":"https:\/\/syandse.ch\/fr\/2024\/04\/syse-qualifiee-pour-le-programme-scaleup-dinnosuisse\/#breadcrumb"},"inLanguage":"fr-FR","potentialAction":[{"@type":"ReadAction","target":["https:\/\/syandse.ch\/fr\/2024\/04\/syse-qualifiee-pour-le-programme-scaleup-dinnosuisse\/"]}]},{"@type":"ImageObject","inLanguage":"fr-FR","@id":"https:\/\/syandse.ch\/fr\/2024\/04\/syse-qualifiee-pour-le-programme-scaleup-dinnosuisse\/#primaryimage","url":"https:\/\/syandse.ch\/wp-content\/uploads\/2024\/04\/ScaleUp_F.png","contentUrl":"https:\/\/syandse.ch\/wp-content\/uploads\/2024\/04\/ScaleUp_F.png","width":2426,"height":748,"caption":"Les \u00e9tapes de coaching Innosuisse"},{"@type":"BreadcrumbList","@id":"https:\/\/syandse.ch\/fr\/2024\/04\/syse-qualifiee-pour-le-programme-scaleup-dinnosuisse\/#breadcrumb","itemListElement":[{"@type":"ListItem","position":1,"name":"Home","item":"https:\/\/syandse.ch\/fr\/"},{"@type":"ListItem","position":2,"name":"Sy&amp;Se s\u00e9lectionn\u00e9e pour le programme ScaleUp d\u2019Innosuisse"}]},{"@type":"WebSite","@id":"https:\/\/syandse.ch\/fr\/#website","url":"https:\/\/syandse.ch\/fr\/","name":"Sy&amp;Se SA","description":"","potentialAction":[{"@type":"SearchAction","target":{"@type":"EntryPoint","urlTemplate":"https:\/\/syandse.ch\/fr\/?s={search_term_string}"},"query-input":{"@type":"PropertyValueSpecification","valueRequired":true,"valueName":"search_term_string"}}],"inLanguage":"fr-FR"},{"@type":"Person","@id":"https:\/\/syandse.ch\/fr\/#\/schema\/person\/bf28324f7e9b5a111c6943a9c60e0f80","name":"Peter Kupferschmied","image":{"@type":"ImageObject","inLanguage":"fr-FR","@id":"https:\/\/secure.gravatar.com\/avatar\/87b83a582946d4a9160648327bab7aab3507fddabee0e2a3f6a9865d5277d2bc?s=96&d=mm&r=g","url":"https:\/\/secure.gravatar.com\/avatar\/87b83a582946d4a9160648327bab7aab3507fddabee0e2a3f6a9865d5277d2bc?s=96&d=mm&r=g","contentUrl":"https:\/\/secure.gravatar.com\/avatar\/87b83a582946d4a9160648327bab7aab3507fddabee0e2a3f6a9865d5277d2bc?s=96&d=mm&r=g","caption":"Peter Kupferschmied"},"url":"https:\/\/syandse.ch\/fr\/author\/p-kupferschmied\/"}]}},"_links":{"self":[{"href":"https:\/\/syandse.ch\/fr\/wp-json\/wp\/v2\/posts\/1391","targetHints":{"allow":["GET"]}}],"collection":[{"href":"https:\/\/syandse.ch\/fr\/wp-json\/wp\/v2\/posts"}],"about":[{"href":"https:\/\/syandse.ch\/fr\/wp-json\/wp\/v2\/types\/post"}],"author":[{"embeddable":true,"href":"https:\/\/syandse.ch\/fr\/wp-json\/wp\/v2\/users\/3"}],"replies":[{"embeddable":true,"href":"https:\/\/syandse.ch\/fr\/wp-json\/wp\/v2\/comments?post=1391"}],"version-history":[{"count":5,"href":"https:\/\/syandse.ch\/fr\/wp-json\/wp\/v2\/posts\/1391\/revisions"}],"predecessor-version":[{"id":1419,"href":"https:\/\/syandse.ch\/fr\/wp-json\/wp\/v2\/posts\/1391\/revisions\/1419"}],"wp:featuredmedia":[{"embeddable":true,"href":"https:\/\/syandse.ch\/fr\/wp-json\/wp\/v2\/media\/1415"}],"wp:attachment":[{"href":"https:\/\/syandse.ch\/fr\/wp-json\/wp\/v2\/media?parent=1391"}],"wp:term":[{"taxonomy":"category","embeddable":true,"href":"https:\/\/syandse.ch\/fr\/wp-json\/wp\/v2\/categories?post=1391"},{"taxonomy":"post_tag","embeddable":true,"href":"https:\/\/syandse.ch\/fr\/wp-json\/wp\/v2\/tags?post=1391"}],"curies":[{"name":"wp","href":"https:\/\/api.w.org\/{rel}","templated":true}]}}