{"id":982,"date":"2022-05-19T11:00:00","date_gmt":"2022-05-19T09:00:00","guid":{"rendered":"https:\/\/syandse.ch\/?p=982"},"modified":"2022-08-15T15:31:43","modified_gmt":"2022-08-15T13:31:43","slug":"syse-se-rejouit-de-vous-accueillir-a-lephj-a-geneve-du-14-au-17-juin-2022","status":"publish","type":"post","link":"https:\/\/syandse.ch\/fr\/2022\/05\/syse-se-rejouit-de-vous-accueillir-a-lephj-a-geneve-du-14-au-17-juin-2022\/","title":{"rendered":"Sy&#038;Se se r\u00e9jouit de vous accueillir  \u00e0 l&rsquo;EPHJ \u00e0 Gen\u00e8ve du 14 au 17 juin 2022"},"content":{"rendered":"\n<p><strong>Stop by at our Booth M94 and meet our team<\/strong> at the <a href=\"http:\/\/www.ephj.ch\/\" target=\"_blank\" rel=\"noreferrer noopener\">EPHJ \u2013 the World of High Precision<\/a> \u2013 at Palexpo Geneva from 14th to 17th June 2022.<\/p>\n\n<p>Here <a href=\"https:\/\/syandse.ch\/wp-admin\/post.php?post=736&amp;action=edit&amp;lang=en&amp;update_needed=1&amp;trid=3159&amp;language_code=en\">some reading about the 2021 edition<\/a> (in French) <\/p>\n\n<figure class=\"wp-block-image size-medium\"><img decoding=\"async\" width=\"300\" height=\"214\" src=\"https:\/\/syandse.ch\/wp-content\/uploads\/2021\/08\/ephj_avatar-300x214.jpg\" alt=\"\" class=\"wp-image-358\" srcset=\"https:\/\/syandse.ch\/wp-content\/uploads\/2021\/08\/ephj_avatar-300x214.jpg 300w, https:\/\/syandse.ch\/wp-content\/uploads\/2021\/08\/ephj_avatar-768x549.jpg 768w, https:\/\/syandse.ch\/wp-content\/uploads\/2021\/08\/ephj_avatar.jpg 840w\" sizes=\"(max-width: 300px) 100vw, 300px\" \/><\/figure>","protected":false},"excerpt":{"rendered":"<p>Stop by at our Booth M94 and meet our team at the EPHJ \u2013 the World of High Precision \u2013 at Palexpo Geneva from 14th to 17th June 2022. Here some reading about the 2021 edition (in French)<\/p>\n","protected":false},"author":3,"featured_media":358,"comment_status":"open","ping_status":"open","sticky":false,"template":"","format":"standard","meta":{"_acf_changed":false,"footnotes":""},"categories":[5],"tags":[],"class_list":["post-982","post","type-post","status-publish","format-standard","has-post-thumbnail","hentry","category-non-classifiee"],"acf":[],"yoast_head":"<!-- This site is optimized with the Yoast SEO plugin v27.5 - https:\/\/yoast.com\/product\/yoast-seo-wordpress\/ -->\n<title>Sy&amp;Se se r\u00e9jouit de vous accueillir \u00e0 l&#039;EPHJ \u00e0 Gen\u00e8ve du 14 au 17 juin 2022 - Sy&amp;Se SA<\/title>\n<meta name=\"robots\" content=\"index, follow, max-snippet:-1, max-image-preview:large, max-video-preview:-1\" \/>\n<link rel=\"canonical\" href=\"https:\/\/syandse.ch\/fr\/2022\/05\/syse-se-rejouit-de-vous-accueillir-a-lephj-a-geneve-du-14-au-17-juin-2022\/\" \/>\n<meta property=\"og:locale\" content=\"fr_FR\" \/>\n<meta property=\"og:type\" content=\"article\" \/>\n<meta property=\"og:title\" content=\"Sy&amp;Se se r\u00e9jouit de vous accueillir \u00e0 l&#039;EPHJ \u00e0 Gen\u00e8ve du 14 au 17 juin 2022 - Sy&amp;Se SA\" \/>\n<meta property=\"og:description\" content=\"Stop by at our Booth M94 and meet our team at the EPHJ \u2013 the World of High Precision \u2013 at Palexpo Geneva from 14th to 17th June 2022. Here some reading about the 2021 edition (in French)\" \/>\n<meta property=\"og:url\" content=\"https:\/\/syandse.ch\/fr\/2022\/05\/syse-se-rejouit-de-vous-accueillir-a-lephj-a-geneve-du-14-au-17-juin-2022\/\" \/>\n<meta property=\"og:site_name\" content=\"Sy&amp;Se SA\" \/>\n<meta property=\"article:published_time\" content=\"2022-05-19T09:00:00+00:00\" \/>\n<meta property=\"article:modified_time\" content=\"2022-08-15T13:31:43+00:00\" \/>\n<meta property=\"og:image\" content=\"https:\/\/syandse.ch\/wp-content\/uploads\/2021\/08\/ephj_avatar.jpg\" \/>\n\t<meta property=\"og:image:width\" content=\"840\" \/>\n\t<meta property=\"og:image:height\" content=\"600\" \/>\n\t<meta property=\"og:image:type\" content=\"image\/jpeg\" \/>\n<meta name=\"author\" content=\"Peter Kupferschmied\" \/>\n<meta name=\"twitter:card\" content=\"summary_large_image\" \/>\n<meta name=\"twitter:label1\" content=\"\u00c9crit par\" \/>\n\t<meta name=\"twitter:data1\" content=\"Peter Kupferschmied\" \/>\n\t<meta name=\"twitter:label2\" content=\"Dur\u00e9e de lecture estim\u00e9e\" \/>\n\t<meta name=\"twitter:data2\" content=\"1 minute\" \/>\n<script type=\"application\/ld+json\" class=\"yoast-schema-graph\">{\"@context\":\"https:\\\/\\\/schema.org\",\"@graph\":[{\"@type\":\"Article\",\"@id\":\"https:\\\/\\\/syandse.ch\\\/fr\\\/2022\\\/05\\\/syse-se-rejouit-de-vous-accueillir-a-lephj-a-geneve-du-14-au-17-juin-2022\\\/#article\",\"isPartOf\":{\"@id\":\"https:\\\/\\\/syandse.ch\\\/fr\\\/2022\\\/05\\\/syse-se-rejouit-de-vous-accueillir-a-lephj-a-geneve-du-14-au-17-juin-2022\\\/\"},\"author\":{\"name\":\"Peter Kupferschmied\",\"@id\":\"https:\\\/\\\/syandse.ch\\\/fr\\\/#\\\/schema\\\/person\\\/bf28324f7e9b5a111c6943a9c60e0f80\"},\"headline\":\"Sy&#038;Se se r\u00e9jouit de vous accueillir \u00e0 l&rsquo;EPHJ \u00e0 Gen\u00e8ve du 14 au 17 juin 2022\",\"datePublished\":\"2022-05-19T09:00:00+00:00\",\"dateModified\":\"2022-08-15T13:31:43+00:00\",\"mainEntityOfPage\":{\"@id\":\"https:\\\/\\\/syandse.ch\\\/fr\\\/2022\\\/05\\\/syse-se-rejouit-de-vous-accueillir-a-lephj-a-geneve-du-14-au-17-juin-2022\\\/\"},\"wordCount\":49,\"commentCount\":0,\"image\":{\"@id\":\"https:\\\/\\\/syandse.ch\\\/fr\\\/2022\\\/05\\\/syse-se-rejouit-de-vous-accueillir-a-lephj-a-geneve-du-14-au-17-juin-2022\\\/#primaryimage\"},\"thumbnailUrl\":\"https:\\\/\\\/syandse.ch\\\/wp-content\\\/uploads\\\/2021\\\/08\\\/ephj_avatar.jpg\",\"articleSection\":[\"Non classifi\u00e9(e)\"],\"inLanguage\":\"fr-FR\",\"potentialAction\":[{\"@type\":\"CommentAction\",\"name\":\"Comment\",\"target\":[\"https:\\\/\\\/syandse.ch\\\/fr\\\/2022\\\/05\\\/syse-se-rejouit-de-vous-accueillir-a-lephj-a-geneve-du-14-au-17-juin-2022\\\/#respond\"]}]},{\"@type\":\"WebPage\",\"@id\":\"https:\\\/\\\/syandse.ch\\\/fr\\\/2022\\\/05\\\/syse-se-rejouit-de-vous-accueillir-a-lephj-a-geneve-du-14-au-17-juin-2022\\\/\",\"url\":\"https:\\\/\\\/syandse.ch\\\/fr\\\/2022\\\/05\\\/syse-se-rejouit-de-vous-accueillir-a-lephj-a-geneve-du-14-au-17-juin-2022\\\/\",\"name\":\"Sy&Se se r\u00e9jouit de vous accueillir \u00e0 l'EPHJ \u00e0 Gen\u00e8ve du 14 au 17 juin 2022 - Sy&amp;Se SA\",\"isPartOf\":{\"@id\":\"https:\\\/\\\/syandse.ch\\\/fr\\\/#website\"},\"primaryImageOfPage\":{\"@id\":\"https:\\\/\\\/syandse.ch\\\/fr\\\/2022\\\/05\\\/syse-se-rejouit-de-vous-accueillir-a-lephj-a-geneve-du-14-au-17-juin-2022\\\/#primaryimage\"},\"image\":{\"@id\":\"https:\\\/\\\/syandse.ch\\\/fr\\\/2022\\\/05\\\/syse-se-rejouit-de-vous-accueillir-a-lephj-a-geneve-du-14-au-17-juin-2022\\\/#primaryimage\"},\"thumbnailUrl\":\"https:\\\/\\\/syandse.ch\\\/wp-content\\\/uploads\\\/2021\\\/08\\\/ephj_avatar.jpg\",\"datePublished\":\"2022-05-19T09:00:00+00:00\",\"dateModified\":\"2022-08-15T13:31:43+00:00\",\"author\":{\"@id\":\"https:\\\/\\\/syandse.ch\\\/fr\\\/#\\\/schema\\\/person\\\/bf28324f7e9b5a111c6943a9c60e0f80\"},\"breadcrumb\":{\"@id\":\"https:\\\/\\\/syandse.ch\\\/fr\\\/2022\\\/05\\\/syse-se-rejouit-de-vous-accueillir-a-lephj-a-geneve-du-14-au-17-juin-2022\\\/#breadcrumb\"},\"inLanguage\":\"fr-FR\",\"potentialAction\":[{\"@type\":\"ReadAction\",\"target\":[\"https:\\\/\\\/syandse.ch\\\/fr\\\/2022\\\/05\\\/syse-se-rejouit-de-vous-accueillir-a-lephj-a-geneve-du-14-au-17-juin-2022\\\/\"]}]},{\"@type\":\"ImageObject\",\"inLanguage\":\"fr-FR\",\"@id\":\"https:\\\/\\\/syandse.ch\\\/fr\\\/2022\\\/05\\\/syse-se-rejouit-de-vous-accueillir-a-lephj-a-geneve-du-14-au-17-juin-2022\\\/#primaryimage\",\"url\":\"https:\\\/\\\/syandse.ch\\\/wp-content\\\/uploads\\\/2021\\\/08\\\/ephj_avatar.jpg\",\"contentUrl\":\"https:\\\/\\\/syandse.ch\\\/wp-content\\\/uploads\\\/2021\\\/08\\\/ephj_avatar.jpg\",\"width\":840,\"height\":600},{\"@type\":\"BreadcrumbList\",\"@id\":\"https:\\\/\\\/syandse.ch\\\/fr\\\/2022\\\/05\\\/syse-se-rejouit-de-vous-accueillir-a-lephj-a-geneve-du-14-au-17-juin-2022\\\/#breadcrumb\",\"itemListElement\":[{\"@type\":\"ListItem\",\"position\":1,\"name\":\"Home\",\"item\":\"https:\\\/\\\/syandse.ch\\\/fr\\\/\"},{\"@type\":\"ListItem\",\"position\":2,\"name\":\"Sy&#038;Se se r\u00e9jouit de vous accueillir \u00e0 l&#8217;EPHJ \u00e0 Gen\u00e8ve du 14 au 17 juin 2022\"}]},{\"@type\":\"WebSite\",\"@id\":\"https:\\\/\\\/syandse.ch\\\/fr\\\/#website\",\"url\":\"https:\\\/\\\/syandse.ch\\\/fr\\\/\",\"name\":\"Sy&amp;Se SA\",\"description\":\"\",\"potentialAction\":[{\"@type\":\"SearchAction\",\"target\":{\"@type\":\"EntryPoint\",\"urlTemplate\":\"https:\\\/\\\/syandse.ch\\\/fr\\\/?s={search_term_string}\"},\"query-input\":{\"@type\":\"PropertyValueSpecification\",\"valueRequired\":true,\"valueName\":\"search_term_string\"}}],\"inLanguage\":\"fr-FR\"},{\"@type\":\"Person\",\"@id\":\"https:\\\/\\\/syandse.ch\\\/fr\\\/#\\\/schema\\\/person\\\/bf28324f7e9b5a111c6943a9c60e0f80\",\"name\":\"Peter Kupferschmied\",\"image\":{\"@type\":\"ImageObject\",\"inLanguage\":\"fr-FR\",\"@id\":\"https:\\\/\\\/secure.gravatar.com\\\/avatar\\\/87b83a582946d4a9160648327bab7aab3507fddabee0e2a3f6a9865d5277d2bc?s=96&d=mm&r=g\",\"url\":\"https:\\\/\\\/secure.gravatar.com\\\/avatar\\\/87b83a582946d4a9160648327bab7aab3507fddabee0e2a3f6a9865d5277d2bc?s=96&d=mm&r=g\",\"contentUrl\":\"https:\\\/\\\/secure.gravatar.com\\\/avatar\\\/87b83a582946d4a9160648327bab7aab3507fddabee0e2a3f6a9865d5277d2bc?s=96&d=mm&r=g\",\"caption\":\"Peter Kupferschmied\"},\"url\":\"https:\\\/\\\/syandse.ch\\\/fr\\\/author\\\/p-kupferschmied\\\/\"}]}<\/script>\n<!-- \/ Yoast SEO plugin. -->","yoast_head_json":{"title":"Sy&Se se r\u00e9jouit de vous accueillir \u00e0 l'EPHJ \u00e0 Gen\u00e8ve du 14 au 17 juin 2022 - Sy&amp;Se SA","robots":{"index":"index","follow":"follow","max-snippet":"max-snippet:-1","max-image-preview":"max-image-preview:large","max-video-preview":"max-video-preview:-1"},"canonical":"https:\/\/syandse.ch\/fr\/2022\/05\/syse-se-rejouit-de-vous-accueillir-a-lephj-a-geneve-du-14-au-17-juin-2022\/","og_locale":"fr_FR","og_type":"article","og_title":"Sy&Se se r\u00e9jouit de vous accueillir \u00e0 l'EPHJ \u00e0 Gen\u00e8ve du 14 au 17 juin 2022 - Sy&amp;Se SA","og_description":"Stop by at our Booth M94 and meet our team at the EPHJ \u2013 the World of High Precision \u2013 at Palexpo Geneva from 14th to 17th June 2022. Here some reading about the 2021 edition (in French)","og_url":"https:\/\/syandse.ch\/fr\/2022\/05\/syse-se-rejouit-de-vous-accueillir-a-lephj-a-geneve-du-14-au-17-juin-2022\/","og_site_name":"Sy&amp;Se SA","article_published_time":"2022-05-19T09:00:00+00:00","article_modified_time":"2022-08-15T13:31:43+00:00","og_image":[{"width":840,"height":600,"url":"https:\/\/syandse.ch\/wp-content\/uploads\/2021\/08\/ephj_avatar.jpg","type":"image\/jpeg"}],"author":"Peter Kupferschmied","twitter_card":"summary_large_image","twitter_misc":{"\u00c9crit par":"Peter Kupferschmied","Dur\u00e9e de lecture estim\u00e9e":"1 minute"},"schema":{"@context":"https:\/\/schema.org","@graph":[{"@type":"Article","@id":"https:\/\/syandse.ch\/fr\/2022\/05\/syse-se-rejouit-de-vous-accueillir-a-lephj-a-geneve-du-14-au-17-juin-2022\/#article","isPartOf":{"@id":"https:\/\/syandse.ch\/fr\/2022\/05\/syse-se-rejouit-de-vous-accueillir-a-lephj-a-geneve-du-14-au-17-juin-2022\/"},"author":{"name":"Peter Kupferschmied","@id":"https:\/\/syandse.ch\/fr\/#\/schema\/person\/bf28324f7e9b5a111c6943a9c60e0f80"},"headline":"Sy&#038;Se se r\u00e9jouit de vous accueillir \u00e0 l&rsquo;EPHJ \u00e0 Gen\u00e8ve du 14 au 17 juin 2022","datePublished":"2022-05-19T09:00:00+00:00","dateModified":"2022-08-15T13:31:43+00:00","mainEntityOfPage":{"@id":"https:\/\/syandse.ch\/fr\/2022\/05\/syse-se-rejouit-de-vous-accueillir-a-lephj-a-geneve-du-14-au-17-juin-2022\/"},"wordCount":49,"commentCount":0,"image":{"@id":"https:\/\/syandse.ch\/fr\/2022\/05\/syse-se-rejouit-de-vous-accueillir-a-lephj-a-geneve-du-14-au-17-juin-2022\/#primaryimage"},"thumbnailUrl":"https:\/\/syandse.ch\/wp-content\/uploads\/2021\/08\/ephj_avatar.jpg","articleSection":["Non classifi\u00e9(e)"],"inLanguage":"fr-FR","potentialAction":[{"@type":"CommentAction","name":"Comment","target":["https:\/\/syandse.ch\/fr\/2022\/05\/syse-se-rejouit-de-vous-accueillir-a-lephj-a-geneve-du-14-au-17-juin-2022\/#respond"]}]},{"@type":"WebPage","@id":"https:\/\/syandse.ch\/fr\/2022\/05\/syse-se-rejouit-de-vous-accueillir-a-lephj-a-geneve-du-14-au-17-juin-2022\/","url":"https:\/\/syandse.ch\/fr\/2022\/05\/syse-se-rejouit-de-vous-accueillir-a-lephj-a-geneve-du-14-au-17-juin-2022\/","name":"Sy&Se se r\u00e9jouit de vous accueillir \u00e0 l'EPHJ \u00e0 Gen\u00e8ve du 14 au 17 juin 2022 - Sy&amp;Se SA","isPartOf":{"@id":"https:\/\/syandse.ch\/fr\/#website"},"primaryImageOfPage":{"@id":"https:\/\/syandse.ch\/fr\/2022\/05\/syse-se-rejouit-de-vous-accueillir-a-lephj-a-geneve-du-14-au-17-juin-2022\/#primaryimage"},"image":{"@id":"https:\/\/syandse.ch\/fr\/2022\/05\/syse-se-rejouit-de-vous-accueillir-a-lephj-a-geneve-du-14-au-17-juin-2022\/#primaryimage"},"thumbnailUrl":"https:\/\/syandse.ch\/wp-content\/uploads\/2021\/08\/ephj_avatar.jpg","datePublished":"2022-05-19T09:00:00+00:00","dateModified":"2022-08-15T13:31:43+00:00","author":{"@id":"https:\/\/syandse.ch\/fr\/#\/schema\/person\/bf28324f7e9b5a111c6943a9c60e0f80"},"breadcrumb":{"@id":"https:\/\/syandse.ch\/fr\/2022\/05\/syse-se-rejouit-de-vous-accueillir-a-lephj-a-geneve-du-14-au-17-juin-2022\/#breadcrumb"},"inLanguage":"fr-FR","potentialAction":[{"@type":"ReadAction","target":["https:\/\/syandse.ch\/fr\/2022\/05\/syse-se-rejouit-de-vous-accueillir-a-lephj-a-geneve-du-14-au-17-juin-2022\/"]}]},{"@type":"ImageObject","inLanguage":"fr-FR","@id":"https:\/\/syandse.ch\/fr\/2022\/05\/syse-se-rejouit-de-vous-accueillir-a-lephj-a-geneve-du-14-au-17-juin-2022\/#primaryimage","url":"https:\/\/syandse.ch\/wp-content\/uploads\/2021\/08\/ephj_avatar.jpg","contentUrl":"https:\/\/syandse.ch\/wp-content\/uploads\/2021\/08\/ephj_avatar.jpg","width":840,"height":600},{"@type":"BreadcrumbList","@id":"https:\/\/syandse.ch\/fr\/2022\/05\/syse-se-rejouit-de-vous-accueillir-a-lephj-a-geneve-du-14-au-17-juin-2022\/#breadcrumb","itemListElement":[{"@type":"ListItem","position":1,"name":"Home","item":"https:\/\/syandse.ch\/fr\/"},{"@type":"ListItem","position":2,"name":"Sy&#038;Se se r\u00e9jouit de vous accueillir \u00e0 l&#8217;EPHJ \u00e0 Gen\u00e8ve du 14 au 17 juin 2022"}]},{"@type":"WebSite","@id":"https:\/\/syandse.ch\/fr\/#website","url":"https:\/\/syandse.ch\/fr\/","name":"Sy&amp;Se SA","description":"","potentialAction":[{"@type":"SearchAction","target":{"@type":"EntryPoint","urlTemplate":"https:\/\/syandse.ch\/fr\/?s={search_term_string}"},"query-input":{"@type":"PropertyValueSpecification","valueRequired":true,"valueName":"search_term_string"}}],"inLanguage":"fr-FR"},{"@type":"Person","@id":"https:\/\/syandse.ch\/fr\/#\/schema\/person\/bf28324f7e9b5a111c6943a9c60e0f80","name":"Peter Kupferschmied","image":{"@type":"ImageObject","inLanguage":"fr-FR","@id":"https:\/\/secure.gravatar.com\/avatar\/87b83a582946d4a9160648327bab7aab3507fddabee0e2a3f6a9865d5277d2bc?s=96&d=mm&r=g","url":"https:\/\/secure.gravatar.com\/avatar\/87b83a582946d4a9160648327bab7aab3507fddabee0e2a3f6a9865d5277d2bc?s=96&d=mm&r=g","contentUrl":"https:\/\/secure.gravatar.com\/avatar\/87b83a582946d4a9160648327bab7aab3507fddabee0e2a3f6a9865d5277d2bc?s=96&d=mm&r=g","caption":"Peter Kupferschmied"},"url":"https:\/\/syandse.ch\/fr\/author\/p-kupferschmied\/"}]}},"_links":{"self":[{"href":"https:\/\/syandse.ch\/fr\/wp-json\/wp\/v2\/posts\/982","targetHints":{"allow":["GET"]}}],"collection":[{"href":"https:\/\/syandse.ch\/fr\/wp-json\/wp\/v2\/posts"}],"about":[{"href":"https:\/\/syandse.ch\/fr\/wp-json\/wp\/v2\/types\/post"}],"author":[{"embeddable":true,"href":"https:\/\/syandse.ch\/fr\/wp-json\/wp\/v2\/users\/3"}],"replies":[{"embeddable":true,"href":"https:\/\/syandse.ch\/fr\/wp-json\/wp\/v2\/comments?post=982"}],"version-history":[{"count":2,"href":"https:\/\/syandse.ch\/fr\/wp-json\/wp\/v2\/posts\/982\/revisions"}],"predecessor-version":[{"id":989,"href":"https:\/\/syandse.ch\/fr\/wp-json\/wp\/v2\/posts\/982\/revisions\/989"}],"wp:featuredmedia":[{"embeddable":true,"href":"https:\/\/syandse.ch\/fr\/wp-json\/wp\/v2\/media\/358"}],"wp:attachment":[{"href":"https:\/\/syandse.ch\/fr\/wp-json\/wp\/v2\/media?parent=982"}],"wp:term":[{"taxonomy":"category","embeddable":true,"href":"https:\/\/syandse.ch\/fr\/wp-json\/wp\/v2\/categories?post=982"},{"taxonomy":"post_tag","embeddable":true,"href":"https:\/\/syandse.ch\/fr\/wp-json\/wp\/v2\/tags?post=982"}],"curies":[{"name":"wp","href":"https:\/\/api.w.org\/{rel}","templated":true}]}}